{"id":4787,"date":"2016-11-22T22:59:25","date_gmt":"2016-11-22T21:59:25","guid":{"rendered":"http:\/\/www.seh-n-sucht.de\/BLOG\/?p=4787"},"modified":"2017-05-25T23:38:41","modified_gmt":"2017-05-25T21:38:41","slug":"monochrome-momente","status":"publish","type":"post","link":"https:\/\/seh-n-sucht.de\/BLOG\/4787\/monochrome-momente\/","title":{"rendered":"Magisches Motto &#8211; Monochrome Momente"},"content":{"rendered":"<p style=\"text-align: justify;\">Das vorletzte Thema in diesem Jahr und mein erstes Jahr, in dem ich so etwas mitmache, neigt sich dem Ende zu. Wehmut macht sich breit, denn ich w\u00e4re traurig, wenn es im n\u00e4chsten Jahr nicht weiter gehen w\u00fcrde. <!--more-->Ich mag diese kleinen Herausforderungen &#8211; die Zeit die man sich daf\u00fcr nimmt. Das ein oder andere Thema ist interessanter, aber insgesamt hatte ich viel Spa\u00df mit den magischen Momenten. Ich danke Dir, liebe Paleica, schon mal an dieser Stelle, weil ich aus Erfahrung wei\u00df, dass der kommende Monat sich aufschaukeln wird bis am 24. abends wieder die Luft raus ist damit sich alles \u00fcber die Feiertage wieder entspannt und ich nicht wei\u00df, ob ich die Zeit in der Dezemberwelt finden werde &#8211; werde aber versuchen mitzumachen \ud83d\ude42 .<\/p>\n<p>Zum vorletzten Mal in 2016 w\u00fcnscht sich <strong><a href=\"https:\/\/paleica.com\/\" target=\"_blank\" rel=\"noopener noreferrer\">Paleica<\/a><\/strong> als Magisches Motto f\u00fcr den November <strong><a href=\"https:\/\/paleica.com\/2016\/11\/01\/12-magische-mottos-november\/\" target=\"_blank\" rel=\"noopener noreferrer\">Monochrome Momente<\/a>\u00a0<\/strong>von uns.<\/p>\n<blockquote>\n<p style=\"text-align: justify;\"><em>Ich w\u00fcnsche mir von euch, dass ihr nun nicht einfach \u201eirgendein\u201c Bild in schwarzwei\u00df umwandelt, sondern dass ihr eine Momentaufnahme im w\u00f6rtlichen Sinn macht. <strong>Ein Bild, das die Fl\u00fcchtigkeit zeigt, das nur in diesem Moment genau in der Art m\u00f6glich ist.<\/strong> Davon gibt es viele. Wasser, Wolken, alles, was sich bewegt, alles, was fl\u00fcchtig ist. Bei s\/w-Umwandlung ist der Bildaufbau in Form von Strukturen\/Rhythmen\/Formen\/Mustern und Kontrasten wichtig \u2013 also vielleicht erinnert ihr euch wieder an die Aufgaben Anfang des Jahres\u00a0?\u00a0(Paleica)<\/em><\/p>\n<\/blockquote>\n<p style=\"text-align: justify;\">Am letzten Wochenende gab es hier ordentlich Wind und auch Regen. Wetter f\u00fcr die Couch oder auch einfach um die Kamera zu schnappen und raus zu gehen. Der wetterfeste Hund hat mich begleitet und wir sind 3 Stunden umher gezogen und haben versucht besondere Momente festzuhalten. Diesmal mit ein paar sprachlichen Momentaufnahmen, die man auch Haikus nennt.<br \/>\n<span style=\"color: #ffffff;\">.<\/span><\/p>\n<p><a href=\"http:\/\/www.seh-n-sucht.de\/BLOG\/4787-monochrome-momente\/c-2016-birgit-franik-20161120-0651\/\" target=\"_blank\" rel=\"noopener noreferrer\"><img data-recalc-dims=\"1\" loading=\"lazy\" decoding=\"async\" class=\"aligncenter wp-image-4788 size-large\" src=\"https:\/\/i0.wp.com\/www.seh-n-sucht.de\/BLOG\/wp-content\/uploads\/2016\/11\/c-2016-Birgit-Franik-20161120-0651-1200x800.jpg?resize=940%2C627\" alt=\"c-2016-birgit-franik-20161120-0651-monochrome-momente\" width=\"940\" height=\"627\" \/><\/a><\/p>\n<p style=\"text-align: center;\"><em>Momentaufnahmen<\/em><br \/>\n<em> in Erstaunen versetzen<\/em><br \/>\n<em> kurzer Augenblick<\/em><\/p>\n<p style=\"text-align: center;\"><em>Momentaufnahmen<\/em><br \/>\n<em> Fokussierung<\/em><br \/>\n<em> auf fl\u00fcchtige Momente<\/em><\/p>\n<p style=\"text-align: center;\"><em>Momentaufnahmen<\/em><br \/>\n<em> gefangene Momente<\/em><br \/>\n<em> Zeiten stehen still<\/em><\/p>\n<p style=\"text-align: center;\"><em> Momentaufnahmen<\/em><br \/>\n<em> der Nu wird Vergangenheit<\/em><br \/>\n<em> Erinnerungen<\/em><\/p>\n<p><em><span style=\"color: #ffffff;\">.<\/span><\/em><em><span style=\"color: #ffffff;\">\u00a0<\/span><\/em><\/p>\n<p style=\"text-align: center;\"><a href=\"https:\/\/i0.wp.com\/www.seh-n-sucht.de\/BLOG\/wp-content\/uploads\/2016\/11\/c-2016-Birgit-Franik-20161120-0127.jpg\" target=\"_blank\" rel=\"noopener noreferrer\"><img data-recalc-dims=\"1\" loading=\"lazy\" decoding=\"async\" class=\"aligncenter wp-image-4791 size-large\" src=\"https:\/\/i0.wp.com\/www.seh-n-sucht.de\/BLOG\/wp-content\/uploads\/2016\/11\/c-2016-Birgit-Franik-20161120-0127-1200x675.jpg?resize=940%2C529\" alt=\"c-2016-birgit-franik-20161120-0127\" width=\"940\" height=\"529\" \/><\/a><em class=\"aligncenter\">Kalte Herbstst\u00fcrme<br \/>\n<\/em><em class=\"aligncenter\">Zeit spiegelt sich in Scheiben<br \/>\ntanzende Fahnen<br \/>\n<span style=\"color: #ffffff;\">.<\/span><br \/>\n<span style=\"color: #ffffff;\">.<\/span><\/em><a href=\"https:\/\/i0.wp.com\/www.seh-n-sucht.de\/BLOG\/wp-content\/uploads\/2016\/11\/c-2015-Birgit-Franik-20151028-5206.jpg\" target=\"_blank\" rel=\"noopener noreferrer\"><img data-recalc-dims=\"1\" loading=\"lazy\" decoding=\"async\" class=\"aligncenter wp-image-4836 size-large\" src=\"https:\/\/i0.wp.com\/www.seh-n-sucht.de\/BLOG\/wp-content\/uploads\/2016\/11\/c-2015-Birgit-Franik-20151028-5206-1200x800.jpg?resize=940%2C627\" alt=\"c-2015-birgit-franik-20151028-5206\" width=\"940\" height=\"627\" \/><\/a><\/p>\n<p style=\"text-align: center;\"><em>Herbstlaub<\/em><br \/>\n<em> f\u00e4llt leise zu Boden<\/em><br \/>\n<em> raschelt und verstummt<br \/>\n<span style=\"color: #ffffff;\">.<\/span><br \/>\n<span style=\"color: #ffffff;\">.<\/span><\/em><\/p>\n<p style=\"text-align: center;\"><a href=\"https:\/\/i0.wp.com\/www.seh-n-sucht.de\/BLOG\/wp-content\/uploads\/2016\/11\/c-2016-Birgit-Franik-20161120-0093.jpg\" target=\"_blank\" rel=\"noopener noreferrer\"><img data-recalc-dims=\"1\" loading=\"lazy\" decoding=\"async\" class=\"aligncenter wp-image-4789 size-full\" src=\"https:\/\/i0.wp.com\/www.seh-n-sucht.de\/BLOG\/wp-content\/uploads\/2016\/11\/c-2016-Birgit-Franik-20161120-0093.jpg?resize=600%2C900\" alt=\"c-2016-birgit-franik-20161120-0093\" width=\"600\" height=\"900\" \/><\/a><em>Pastellmalerei<\/em><br \/>\n<em> in sanften Graut\u00f6nen<\/em><br \/>\n<em> Novemberwinde<\/em><br \/>\n<span style=\"color: #ffffff;\">.<br \/>\n.<\/span><\/p>\n<p style=\"text-align: center;\"><em><a href=\"https:\/\/i0.wp.com\/www.seh-n-sucht.de\/BLOG\/wp-content\/uploads\/2016\/11\/c-2015-Birgit-Franik-20151122-3834.jpg\" target=\"_blank\" rel=\"noopener noreferrer\"><img data-recalc-dims=\"1\" loading=\"lazy\" decoding=\"async\" class=\"aligncenter wp-image-4834 size-large\" src=\"https:\/\/i0.wp.com\/www.seh-n-sucht.de\/BLOG\/wp-content\/uploads\/2016\/11\/c-2015-Birgit-Franik-20151122-3834-1200x800.jpg?resize=940%2C627\" alt=\"c-2015-birgit-franik-20151122-3834\" width=\"940\" height=\"627\" \/><\/a>Novemberblues<br \/>\nRegentropfen zeichnen Kreise<br \/>\nauf einsamen Wegen<br \/>\n<span style=\"color: #ffffff;\">.<br \/>\n.<\/span><br \/>\n<a href=\"https:\/\/i0.wp.com\/www.seh-n-sucht.de\/BLOG\/wp-content\/uploads\/2016\/11\/c-2015-Birgit-Franik-20151128-4240.jpg\" target=\"_blank\" rel=\"noopener noreferrer\"><img data-recalc-dims=\"1\" loading=\"lazy\" decoding=\"async\" class=\"aligncenter wp-image-4841 size-large\" src=\"https:\/\/i0.wp.com\/www.seh-n-sucht.de\/BLOG\/wp-content\/uploads\/2016\/11\/c-2015-Birgit-Franik-20151128-4240-1200x800.jpg?resize=940%2C627\" alt=\"c-2015-birgit-franik-20151128-4240\" width=\"940\" height=\"627\" \/><\/a>Abendd\u00e4mmerung<br \/>\ndie Luft rauscht<br \/>\nV\u00f6gel zieh&#8217;n vorbei<\/em><\/p>\n<p style=\"text-align: left;\"><em><span style=\"color: #ffffff;\">.<\/span><br \/>\n<span style=\"color: #ffffff;\">.<\/span><\/em>Weitere Momentaufnahmen &#8211; monochrome Momente &#8211; der anderen Teilnehmer findet ihr <strong><a href=\"http:\/\/www.inlinkz.com\/new\/view.php?id=672562\" target=\"_blank\" rel=\"noopener noreferrer\">hier<\/a><\/strong>.<\/p>\n","protected":false},"excerpt":{"rendered":"<p>Das vorletzte Thema in diesem Jahr und mein erstes Jahr, in dem ich so etwas mitmache, neigt sich dem Ende zu. Wehmut macht sich breit, denn ich w\u00e4re traurig, wenn es im n\u00e4chsten Jahr nicht weiter gehen w\u00fcrde.<\/p>\n","protected":false},"author":1,"featured_media":4788,"comment_status":"open","ping_status":"open","sticky":false,"template":"","format":"standard","meta":{"advanced_seo_description":"","jetpack_seo_html_title":"","jetpack_seo_noindex":false,"jetpack_post_was_ever_published":false,"_jetpack_newsletter_access":"","_jetpack_dont_email_post_to_subs":true,"_jetpack_newsletter_tier_id":0,"_jetpack_memberships_contains_paywalled_content":false,"_jetpack_memberships_contains_paid_content":false,"footnotes":"","jetpack_publicize_message":"","jetpack_publicize_feature_enabled":true,"jetpack_social_post_already_shared":true,"jetpack_social_options":{"image_generator_settings":{"template":"highway","default_image_id":0,"font":"","enabled":false},"version":2}},"categories":[114,71,2,1187,113],"tags":[980,117,34,63,1188,605,712,981,80,40],"class_list":["post-4787","post","type-post","status-publish","format-standard","has-post-thumbnail","hentry","category-12-magische-mottos","category-dies-das","category-fotografie","category-haiku","category-projekte","tag-magischesmotto","tag-117","tag-borken","tag-deutschland","tag-haiku","tag-magisches-motto","tag-monatsthema","tag-monochrome-momente","tag-november","tag-sw"],"jetpack_publicize_connections":[],"jetpack_featured_media_url":"https:\/\/i0.wp.com\/seh-n-sucht.de\/BLOG\/wp-content\/uploads\/2016\/11\/c-2016-Birgit-Franik-20161120-0651.jpg?fit=1200%2C800&ssl=1","jetpack_likes_enabled":true,"jetpack_sharing_enabled":true,"jetpack_shortlink":"https:\/\/wp.me\/p7nJWF-1fd","_links":{"self":[{"href":"https:\/\/seh-n-sucht.de\/BLOG\/wp-json\/wp\/v2\/posts\/4787","targetHints":{"allow":["GET"]}}],"collection":[{"href":"https:\/\/seh-n-sucht.de\/BLOG\/wp-json\/wp\/v2\/posts"}],"about":[{"href":"https:\/\/seh-n-sucht.de\/BLOG\/wp-json\/wp\/v2\/types\/post"}],"author":[{"embeddable":true,"href":"https:\/\/seh-n-sucht.de\/BLOG\/wp-json\/wp\/v2\/users\/1"}],"replies":[{"embeddable":true,"href":"https:\/\/seh-n-sucht.de\/BLOG\/wp-json\/wp\/v2\/comments?post=4787"}],"version-history":[{"count":2,"href":"https:\/\/seh-n-sucht.de\/BLOG\/wp-json\/wp\/v2\/posts\/4787\/revisions"}],"predecessor-version":[{"id":7400,"href":"https:\/\/seh-n-sucht.de\/BLOG\/wp-json\/wp\/v2\/posts\/4787\/revisions\/7400"}],"wp:featuredmedia":[{"embeddable":true,"href":"https:\/\/seh-n-sucht.de\/BLOG\/wp-json\/wp\/v2\/media\/4788"}],"wp:attachment":[{"href":"https:\/\/seh-n-sucht.de\/BLOG\/wp-json\/wp\/v2\/media?parent=4787"}],"wp:term":[{"taxonomy":"category","embeddable":true,"href":"https:\/\/seh-n-sucht.de\/BLOG\/wp-json\/wp\/v2\/categories?post=4787"},{"taxonomy":"post_tag","embeddable":true,"href":"https:\/\/seh-n-sucht.de\/BLOG\/wp-json\/wp\/v2\/tags?post=4787"}],"curies":[{"name":"wp","href":"https:\/\/api.w.org\/{rel}","templated":true}]}}